{"id":30951,"date":"2026-04-24T05:20:15","date_gmt":"2026-04-24T05:20:15","guid":{"rendered":"https:\/\/beyondconsultancy.com\/?p=30951"},"modified":"2026-04-24T05:20:17","modified_gmt":"2026-04-24T05:20:17","slug":"expat-vergi-programi-hollanda","status":"publish","type":"post","link":"https:\/\/beyondconsultancy.com\/tr\/knowledge-center\/expat-vergi-programi-hollanda\/","title":{"rendered":"Hollanda Yabanc\u0131 \u00c7al\u0131\u015fan Vergi Program\u0131: %30 Kural\u0131 A\u00e7\u0131klamas\u0131"},"content":{"rendered":"\n<p>Hollanda&#8217;da yabanc\u0131 \u00e7al\u0131\u015fan (expat) olarak \u00e7al\u0131\u015f\u0131yorsan\u0131z veya yurt d\u0131\u015f\u0131ndan uluslararas\u0131 bir profesyonel istihdam etmek istiyorsan\u0131z, \u201cyabanc\u0131 \u00e7al\u0131\u015fan vergi program\u0131\u201d dikkate al\u0131nmas\u0131 gereken \u00f6nemli bir vergi avantaj\u0131d\u0131r. Bu program, net gelirinizi \u00f6nemli \u00f6l\u00e7\u00fcde art\u0131rabilir. Ancak, bu %30 kural\u0131yla ilgili net maa\u015f standartlar\u0131, ko\u015fullar ve son ba\u015fvuru tarihleri bulunmaktad\u0131r.<\/p>\n\n\n\n<p>Bu makalede, expat vergi plan\u0131n\u0131n nas\u0131l i\u015fledi\u011fini, hangi de\u011fi\u015fikliklerin gelece\u011fini, 2026 expat vergi plan\u0131 ko\u015fullar\u0131n\u0131n neler oldu\u011funu ve Vergi ve G\u00fcmr\u00fck \u0130daresi&#8217;ne bu plana nas\u0131l do\u011fru bir \u015fekilde ba\u015fvuraca\u011f\u0131n\u0131z\u0131 \u00f6\u011freneceksiniz. Bu sayede, bu \u00f6zel plandan yararlanaca\u011f\u0131n\u0131zdan emin olabilirsiniz.<\/p>\n\n\n\n<h2 class=\"wp-block-heading\"><strong>Hollanda&#8217;daki expat program\u0131 nedir?<\/strong><\/h2>\n\n\n\n<p>Expat program\u0131, %30 program\u0131 olarak da bilinir ve Hollanda&#8217;da \u00f6zellikle<a href=\"https:\/\/beyondconsultancy.com\/tr\/knowledge-center\/ab-disi-bir-ulkeden-hollandaya-nasil-tasinilir-yasal-rehber-2026\/\"> AB d\u0131\u015f\u0131ndan Hollanda&#8217;ya ta\u015f\u0131nan uluslararas\u0131 \u00e7al\u0131\u015fanlar<\/a> i\u00e7in uygulanan bir vergi kolayl\u0131\u011f\u0131d\u0131r. Bu program\u0131 uygulayarak, bir i\u015fveren br\u00fct maa\u015f\u0131n %30&#8217;una kadar\u0131n\u0131 vergiden muaf olarak \u00f6deyebilir. Program, s\u00f6zde s\u0131n\u0131r \u00f6tesi maliyetlerin telafisi olarak mevcuttur.<\/p>\n\n\n\n<p>Yurt d\u0131\u015f\u0131 masraflar\u0131, bir ki\u015finin ba\u015fka bir \u00fclkede ge\u00e7ici olarak \u00e7al\u0131\u015fmas\u0131 nedeniyle ortaya \u00e7\u0131kar. Bunlar aras\u0131nda seyahat masraflar\u0131, daha y\u00fcksek konut masraflar\u0131 ve muhtemelen iki haneyi idame ettirmeyle ilgili masraflar yer al\u0131r. \u201c%30 program\u0131\u201d terimi h\u00e2l\u00e2 yayg\u0131n olarak kullan\u0131lmaktad\u0131r, ancak resmi ad\u0131 expat program\u0131d\u0131r. Yabanc\u0131 \u00e7al\u0131\u015fanlar, bu oran\u0131n 2027\u2019den itibaren %27\u2019ye d\u00fc\u015f\u00fcr\u00fclece\u011fini dikkate almal\u0131d\u0131r. Yaz\u0131n\u0131n devam\u0131nda bu programa expat program\u0131 denilecektir.<\/p>\n\n\n\n<h2 class=\"wp-block-heading\"><strong>Hollanda expat program\u0131n\u0131n ko\u015fullar\u0131<\/strong><\/h2>\n\n\n\n<p>Expat program\u0131na ba\u011fl\u0131 birka\u00e7 ko\u015ful vard\u0131r. Hollanda expat program\u0131na hak kazanmak i\u00e7in, uluslararas\u0131 profesyonelin bu gereklilikleri kar\u015f\u0131lamas\u0131 gerekir. Temel kriterler aras\u0131nda 150 kilometrelik mesafe \u015fart\u0131, belirli uzmanl\u0131k ve yaz\u0131l\u0131 bir anla\u015fma yer al\u0131r. A\u015fa\u011f\u0131da, t\u00fcm ko\u015fullar\u0131 \u00f6zetleyece\u011fiz.<\/p>\n\n\n\n<h3 class=\"wp-block-heading\"><strong>Yurt d\u0131\u015f\u0131ndan i\u015fe al\u0131nm\u0131\u015f<\/strong><\/h3>\n\n\n\n<p>Expat&#8217;\u0131n \u00f6zellikle yurt d\u0131\u015f\u0131ndan i\u015fe al\u0131nm\u0131\u015f olmas\u0131 esast\u0131r. Yurt d\u0131\u015f\u0131ndan transfer de bir olas\u0131l\u0131kt\u0131r.<\/p>\n\n\n\n<h3 class=\"wp-block-heading\"><strong>150 km mesafe \u015fart\u0131<\/strong><\/h3>\n\n\n\n<p>\u0130\u015fe ba\u015flama tarihinden \u00f6nceki 24 ay i\u00e7inde, expatlar\u0131n Hollanda s\u0131n\u0131r\u0131ndan en az 150 kilometre uzakta en az 16 ay ya\u015fam\u0131\u015f olmas\u0131 gerekir. Bu ko\u015fullar nedeniyle, Bel\u00e7ika ve Almanya gibi \u00fclkelerin sakinleri genellikle expat program\u0131na hak kazanamaz.<\/p>\n\n\n\n<h3 class=\"wp-block-heading\"><strong>\u00d6zel uzmanl\u0131k<\/strong><\/h3>\n\n\n\n<p>Expatlar, Hollanda i\u015fg\u00fcc\u00fc piyasas\u0131nda nadir bulunan becerilere veya \u00f6zel bilgilere sahip olmal\u0131d\u0131r. Bu genellikle expat\u0131n maa\u015f seviyesi, deneyimi ve nitelikleri ile kan\u0131tlan\u0131r.<\/p>\n\n\n\n<h3 class=\"wp-block-heading\"><strong>\u0130stihdam<\/strong><\/h3>\n\n\n\n<p>Hollanda&#8217;daki bir i\u015fveren taraf\u0131ndan istihdam edilmek zorunludur; bu i\u015fverene \u201cvergi kesintisi yapan kurum\u201d da denir. Bu nedenle serbest meslek sahipleri (freelancer\u2019lar) expat program\u0131na do\u011frudan hak kazanamazlar. Ancak, kendi \u00f6zel limited \u015firketi (BV) arac\u0131l\u0131\u011f\u0131yla Direkt\u00f6r-Ana Hissedar (k\u0131saltmas\u0131 DGA) olarak kendi \u00f6zel limited \u015firketi (BV) arac\u0131l\u0131\u011f\u0131yla programa hak kazanmak i\u00e7in se\u00e7enekler mevcuttur.<\/p>\n\n\n\n<h3 class=\"wp-block-heading\"><strong>Yaz\u0131l\u0131 Anla\u015fma<\/strong><\/h3>\n\n\n\n<p>Son olarak, i\u015fveren ve \u00e7al\u0131\u015fan, expat program\u0131n\u0131n uluslararas\u0131 profesyonelin maa\u015f\u0131na uyguland\u0131\u011f\u0131n\u0131 belirten yaz\u0131l\u0131 bir anla\u015fma imzalamal\u0131d\u0131r.<\/p>\n\n\n\n<p>Expat program\u0131n\u0131n bu ko\u015fullar\u0131n\u0131n uygulanmas\u0131 genellikle olumlu bir sonuca yol a\u00e7mal\u0131d\u0131r. <a href=\"https:\/\/beyondconsultancy.com\/tr\/hizmetler\/hukuk\/\">Yasal<\/a> a\u00e7\u0131dan, vergi avantaj\u0131ndan yararlanmak i\u00e7in bu \u015fartlar\u0131n yerine getirilmesi gerekir. Ancak, nihai olarak bu \u00f6zel programa hak kazanmak i\u00e7in maa\u015f standartlar\u0131 da dikkate al\u0131nmal\u0131d\u0131r.<\/p>\n\n\n\n<h2 class=\"wp-block-heading\"><strong>Hollanda 2026 Maa\u015f Standartlar\u0131<\/strong><\/h2>\n\n\n\n<p>2026 expat program\u0131 maa\u015f standard\u0131n\u0131 kar\u015f\u0131lamak i\u00e7in, expat\u0131n vergiye tabi geliri belirli bir asgari d\u00fczeye ula\u015fmal\u0131d\u0131r. Bunun i\u00e7in belirli bir standart belirlenmi\u015ftir. 2026 y\u0131l\u0131nda, genel standart (30 ya\u015f ve \u00fcst\u00fc bireyler i\u00e7in) y\u0131ll\u0131k vergiye tabi gelirin 48.013 \u20ac olmas\u0131d\u0131r. Bu tutar, y\u0131ll\u0131k 68.590 \u20ac br\u00fct maa\u015fa kar\u015f\u0131l\u0131k gelir. Ayr\u0131ca, y\u00fcksek lisans derecesine sahip 30 ya\u015f\u0131n alt\u0131ndaki profesyoneller i\u00e7in indirgenmi\u015f bir standart da bulunmaktad\u0131r. Bu ki\u015filerin vergilendirilebilir maa\u015f\u0131 y\u0131ll\u0131k 36.497 \u20ac olup, bu tutar yakla\u015f\u0131k 52.139 \u20ac br\u00fct maa\u015fa kar\u015f\u0131l\u0131k gelir.<\/p>\n\n\n\n<p>2026 yabanc\u0131 uyruklu \u00e7al\u0131\u015fanlar y\u00f6netmeli\u011fi ile ilgili olarak bu maa\u015f standartlar\u0131na istisnalar bulunmaktad\u0131r. Bu istisnalar, asgari maa\u015f kural\u0131n\u0131n uygulanmad\u0131\u011f\u0131 bilimsel ara\u015ft\u0131rmac\u0131lar ve stajyer doktorlar i\u00e7in ge\u00e7erlidir. Ancak, 2026 y\u0131l\u0131nda dikkate al\u0131nmas\u0131 gereken bir WNT e\u015fi\u011fi bulunmaktad\u0131r. WNT, \u00dcst Gelir Standartla\u015ft\u0131rma Yasas\u0131 anlam\u0131na gelir ve bu yasa uyar\u0131nca kural\u0131n uyguland\u0131\u011f\u0131 maksimum maa\u015f 262.000 \u20ac&#8217;dur. Bu tutar\u0131n \u00fczerindeki her \u015fey tamamen vergilendirilebilir.<\/p>\n\n\n\n<p>Dikkat edilmesi gereken \u00f6nemli bir nokta, belirlenen asgari maa\u015f\u0131n her y\u0131l kar\u015f\u0131lanmas\u0131 gerekti\u011fidir. Yabanc\u0131 \u00e7al\u0131\u015fan\u0131n maa\u015f\u0131 belirli bir y\u0131lda standard\u0131n alt\u0131na d\u00fc\u015ferse, program o y\u0131l\u0131n 1 Ocak tarihinden itibaren geriye d\u00f6n\u00fck olarak iptal edilir ve nihayetinde kal\u0131c\u0131 olarak sonland\u0131r\u0131l\u0131r.<\/p>\n\n\n\n<p><\/p>\n\n\n\n<figure class=\"wp-block-image aligncenter size-full\"><img loading=\"lazy\" decoding=\"async\" width=\"640\" height=\"427\" src=\"https:\/\/beyondconsultancy.com\/wp-content\/uploads\/2026\/04\/towfiqu-barbhuiya-jpqyfK7GB4w-unsplash-2.jpg\" alt=\"Hollanda'da maa\u015f standartlar\u0131\" class=\"wp-image-31206\" srcset=\"https:\/\/beyondconsultancy.com\/wp-content\/uploads\/2026\/04\/towfiqu-barbhuiya-jpqyfK7GB4w-unsplash-2.jpg 640w, https:\/\/beyondconsultancy.com\/wp-content\/uploads\/2026\/04\/towfiqu-barbhuiya-jpqyfK7GB4w-unsplash-2-300x200.jpg 300w\" sizes=\"auto, (max-width: 640px) 100vw, 640px\" \/><\/figure>\n\n\n\n<div style=\"height:25px\" aria-hidden=\"true\" class=\"wp-block-spacer\"><\/div>\n\n\n\n<p><\/p>\n\n\n\n<h2 class=\"wp-block-heading\"><strong>Hollanda&#8217;daki expat program\u0131n\u0131n avantajlar\u0131<\/strong><\/h2>\n\n\n\n<p>Expat program\u0131 hem pratik hem de mali avantajlar sunar. Maa\u015f\u0131n sadece %70&#8217;i \u00fczerinden vergi \u00f6dendi\u011fi i\u00e7in net gelir daha y\u00fcksektir. Ayr\u0131ca, %30&#8217;luk \u00f6dene\u011fe ek olarak uluslararas\u0131 okul \u00fccretleri i\u00e7in bir geri \u00f6deme de vard\u0131r. Dahas\u0131, expatlar s\u0131nav girmeden yabanc\u0131 ehliyetlerini Hollanda ehliyetiyle de\u011fi\u015ftirebilirler.<\/p>\n\n\n\n<p>Program\u0131n \u00e7al\u0131\u015fan ba\u015f\u0131na maksimum s\u00fcresi 5 y\u0131ld\u0131r. Bir expat\u0131n br\u00fct maa\u015f\u0131n\u0131n 80.000 \u20ac oldu\u011funu varsayal\u0131m. Expat program\u0131 kapsam\u0131nda, 24.000 \u20ac (toplam br\u00fct maa\u015f\u0131n %30&#8217;u) vergiden muaft\u0131r.<\/p>\n\n\n\n<p>Dolay\u0131s\u0131yla vergi sadece 56.000 \u20ac \u00fczerinden \u00f6denir. Bu, yukar\u0131da belirtilen avantajlara ek olarak, y\u0131lda birka\u00e7 bin avroluk bir net fayda sa\u011flayabilir.<\/p>\n\n\n\n<h2 class=\"wp-block-heading\"><strong>2027&#8217;den \u0130tibaren De\u011fi\u015fiklikler<\/strong><\/h2>\n\n\n\n<p>2027&#8217;den itibaren Hollanda expat program\u0131 biraz farkl\u0131 bir yap\u0131ya kavu\u015facakt\u0131r. En \u00f6nemli de\u011fi\u015fiklik, oran\u0131n %30&#8217;dan %27&#8217;ye d\u00fc\u015fmesidir. Bu, 1 Ocak 2024 tarihinde veya sonras\u0131nda ba\u015flayan programlar i\u00e7in ge\u00e7erlidir. Bir ge\u00e7i\u015f h\u00fckm\u00fc bulunmaktad\u0131r: 2024&#8217;ten \u00f6nce i\u015fe al\u0131nan \u00e7al\u0131\u015fanlar, s\u00f6zle\u015fmelerinin s\u00fcresi boyunca %30&#8217;luk programdan yararlanmaya devam edecektir.<\/p>\n\n\n\n<p>K\u0131smi yabanc\u0131 vergi y\u00fck\u00fcml\u00fcl\u00fc\u011f\u00fcn\u00fcn 2025&#8217;ten itibaren a\u015famal\u0131 olarak kald\u0131r\u0131laca\u011f\u0131na dikkat etmek \u00f6nemlidir. O y\u0131ldan itibaren, Kutu 2 ve Kutu 3&#8217;te art\u0131k herhangi bir avantaj olmayacakt\u0131r. Bu \u00f6zel vergi y\u00fck\u00fcml\u00fcl\u00fc\u011f\u00fcne ili\u015fkin ge\u00e7i\u015f d\u00fczenlemesi 2026 y\u0131l\u0131na kadar ge\u00e7erli olacakt\u0131r.<\/p>\n\n\n\n<p>Ayr\u0131ca, genel maa\u015f e\u015fi\u011fi 2027 y\u0131l\u0131nda 50.436 \u20ac&#8217;ya y\u00fckselecektir. Daha \u00f6nce h\u00fck\u00fcmet, expat program\u0131n\u0131 %30-20-10 oran\u0131nda a\u015famal\u0131 olarak kald\u0131rmay\u0131 planlam\u0131\u015ft\u0131, ancak i\u015f d\u00fcnyas\u0131ndan gelen yayg\u0131n ele\u015ftirilerin ard\u0131ndan bu plan geri \u00e7ekildi.<\/p>\n\n\n\n<h2 class=\"wp-block-heading\"><strong>Expat program\u0131na nas\u0131l ba\u015fvurulur?<\/strong><\/h2>\n\n\n\n<p><a href=\"https:\/\/www.government.nl\/topics\/income-tax\/shortening-30-percent-ruling\" target=\"_blank\" rel=\"noopener\">Vergi ve G\u00fcmr\u00fck \u0130daresi<\/a> nezdinde expat program\u0131na ba\u015fvuru, ortak ba\u015fvuru yoluyla yap\u0131l\u0131r. \u0130lk ad\u0131m, i\u015fveren ve \u00e7al\u0131\u015fan\u0131n formu birlikte doldurmas\u0131d\u0131r. Bu belge daha sonra Vergi ve G\u00fcmr\u00fck \u0130daresi&#8217;ne sunulur ve kurum 8 hafta i\u00e7inde bir karar verir.<\/p>\n\n\n\n<p>Program\u0131n ilk g\u00fcnden itibaren ge\u00e7erli olmas\u0131 i\u00e7in ba\u015fvurunun ba\u015flang\u0131\u00e7 tarihinden itibaren 4 ay i\u00e7inde yap\u0131lmas\u0131 \u015fartt\u0131r. Ge\u00e7 kal\u0131rsan\u0131z, program ancak onayland\u0131ktan sonra ba\u015flayacak ve mali avantajdan mahrum kalacaks\u0131n\u0131z.<\/p>\n\n\n\n<p>Belgenin ge\u00e7 sunulmas\u0131n\u0131n yan\u0131 s\u0131ra, bazen 150 km mesafeye ili\u015fkin yeterli kan\u0131t toplanmam\u0131\u015ft\u0131r. Ayr\u0131ca, maa\u015f bazen yanl\u0131\u015f hesaplan\u0131r veya belgeler eksiktir. Bu durum, expat program\u0131n\u0131n onaylanmamas\u0131na neden olabilir. Bu nedenle \u00e7o\u011fu expat ve giri\u015fimci bir dan\u0131\u015fman tutar.<\/p>\n\n\n\n<h2 class=\"wp-block-heading\"><strong>Hollanda&#8217;da Kendi BV&#8217;si Olan Giri\u015fimciler i\u00e7in Yabanc\u0131 \u00c7al\u0131\u015fan Program\u0131<\/strong><\/h2>\n\n\n\n<p>Giri\u015fimciler, serbest meslek sahibi olarak yabanc\u0131 \u00e7al\u0131\u015fan program\u0131ndan do\u011frudan yararlanamazlar, ancak<a href=\"https:\/\/beyondconsultancy.com\/tr\/knowledge-center\/hollanda-bv-kurulum-yabanci-yonetici\/\"> Hollanda BV&#8217;si<\/a> (Besloten Vennootschap) olan yabanc\u0131 giri\u015fimciler, Y\u00f6netici-B\u00fcy\u00fck Hissedar (DGA) olarak \u00e7al\u0131\u015f\u0131yorlarsa programa hak kazanabilirler.<\/p>\n\n\n\n<p>Kendi BV&#8217;si olan giri\u015fimciler i\u00e7in Hollanda expat program\u0131na ba\u015fvuru ko\u015fullar\u0131 ayn\u0131d\u0131r: mesafe \u015fart\u0131 ve maa\u015f e\u015fi\u011fi kar\u015f\u0131lanmal\u0131 ve ki\u015fi BV taraf\u0131ndan istihdam edilmelidir.<\/p>\n\n\n\n<p>Hollanda BV&#8217;si, resmi bir i\u015fveren olu\u015fturmay\u0131 ve maa\u015f bordrosunu do\u011fru bir \u015fekilde d\u00fczenlemeyi m\u00fcmk\u00fcn k\u0131larak t\u00fcm vergi gerekliliklerinin kar\u015f\u0131lanmas\u0131n\u0131 sa\u011flar. Bu da BV&#8217;yi uluslararas\u0131 giri\u015fimciler i\u00e7in stratejik bir ara\u00e7 haline getirir. Beyond Consultancy, bu s\u00fcre\u00e7te giri\u015fimcilere destek olabilir.<\/p>\n\n\n\n<h2 class=\"wp-block-heading\"><strong>Beyond Consultancy Size Nas\u0131l Yard\u0131mc\u0131 Olabilir?<\/strong><\/h2>\n\n\n\n<p>\u00c7al\u0131\u015fan t\u00fcm ko\u015fullar\u0131 kar\u015f\u0131l\u0131yorsa, uygun bir i\u015fveren yap\u0131s\u0131 mevcutsa ve ba\u015fvuru do\u011fru ve zaman\u0131nda yap\u0131lm\u0131\u015fsa, expat program\u0131 kullan\u0131labilir.<\/p>\n\n\n\n<p>Beyond Consultancy, bu s\u00fcrecin tamam\u0131 boyunca expatlara ve i\u015fverenlere destek olur ve program\u0131n do\u011fru bir \u015fekilde uygulanmas\u0131n\u0131 sa\u011flar.<\/p>\n\n\n\n<p>Size, di\u011ferlerinin yan\u0131 s\u0131ra \u015fu konularda yard\u0131mc\u0131 olabiliriz:<\/p>\n\n\n\n<ul class=\"wp-block-list\">\n<li>Maa\u015f bordrosu hizmetleri ve IND onayl\u0131 sponsorluk<\/li>\n\n\n\n<li>\u0130dari kurulum<\/li>\n\n\n\n<li>Uyum ve maa\u015f bordrosu i\u015flemleri<\/li>\n\n\n\n<li><a href=\"https:\/\/beyondconsultancy.com\/tr\/knowledge-center\/isletme-kaydi-hollanda\/\">Hollanda BV&#8217;sinin kurulmas\u0131<\/a><\/li>\n\n\n\n<li>\u0130\u015f adresi ve muhasebe<\/li>\n\n\n\n<li>Hollanda&#8217;da ticari banka hesab\u0131 a\u00e7ma<\/li>\n\n\n\n<li>DGA i\u00e7in yap\u0131 kurma<\/li>\n\n\n\n<li><a href=\"https:\/\/beyondconsultancy.com\/tr\/knowledge-center\/hollanda-ticaret-odasi-yabanci-yonetici-kaydi\/\">Ticaret Odas\u0131na kay\u0131t<\/a><\/li>\n\n\n\n<li><a href=\"https:\/\/beyondconsultancy.com\/tr\/hizmetler\/ticari-goc\/\">\u0130\u015f g\u00f6\u00e7\u00fc<\/a><\/li>\n\n\n\n<li>Y\u00fcksek Vas\u0131fl\u0131 G\u00f6\u00e7men Program\u0131 ile koordinasyon.<\/li>\n<\/ul>\n\n\n\n<p>Yakla\u015f\u0131m\u0131m\u0131z, t\u00fcm bile\u015fenlerin uyumlu olmas\u0131n\u0131 sa\u011flar, b\u00f6ylece hi\u00e7bir avantaj\u0131 ka\u00e7\u0131rmazs\u0131n\u0131z.<\/p>\n\n\n\n\t<section class=\"section\" id=\"section_1303097984\">\n\t\t<div class=\"section-bg fill\" >\n\t\t\t\t\t\t\t\t\t\n\t\t\t\n\n\t\t<\/div>\n\n\t\t\n\n\t\t<div class=\"section-content relative\">\n\t\t\t\n\n<div class=\"row align-middle align-center\"  id=\"row-413104285\">\n\n\n\t<div id=\"col-7223603\" class=\"col col-border-gray medium-10 small-12 large-12\"  >\n\t\t\t\t<div class=\"col-inner text-center\" style=\"background-color:rgb(249, 250, 251);\" >\n\t\t\t\n\t\t\t\n\n<div class=\"row align-middle\"  id=\"row-832980978\">\n\n\n\t<div id=\"col-156391328\" class=\"col medium-7 small-12 large-7\"  >\n\t\t\t\t<div class=\"col-inner\"  >\n\t\t\t\n\t\t\t\n\n\t<div id=\"text-3980278192\" class=\"text\">\n\t\t\n\n<h1>Profesyonel destek i\u00e7in bizimle ileti\u015fime ge\u00e7in<br \/>\n<\/h1>\n\t\t\n<style>\n#text-3980278192 {\n  font-size: 1rem;\n}\n@media (min-width:550px) {\n  #text-3980278192 {\n    font-size: 1rem;\n  }\n}\n<\/style>\n\t<\/div>\n\t\n\t\t<div class=\"show-for-small\">\n\t\t\t\t\n\n<a href=\"https:\/\/wa.me\/31634162431\" class=\"button primary is-bevel bg-green bc-whatsapp-button\" style=\"border-radius:5px;\" target=\"_blank\" rel=\"noopener\"><i class=\"icon-whatsapp\" aria-hidden=\"true\"><\/i><span>WhatsApp<\/span><\/a>\n\t\t<\/div>\n\t\n<a class=\"button secondary is-bevel is-smaller box-shadow-2 box-shadow-2-hover open-consult-modal show-for-medium\" style=\"border-radius:5px;\">\n\t<i class=\"icon-phone\" aria-hidden=\"true\"><\/i>\t<span>Geri arama talebi<\/span>\n\t<\/a>\n\n\n\n\t\t<\/div>\n\t\t\t\t\n<style>\n#col-156391328 > .col-inner {\n  padding: 0px 0px 0px 0px;\n  margin: 2px 0px 0px 0px;\n}\n<\/style>\n\t<\/div>\n\n\t\n\n\t<div id=\"col-314976009\" class=\"col hide-for-medium medium-5 small-12 large-5\"  >\n\t\t\t\t<div class=\"col-inner\"  >\n\t\t\t\n\t\t\t\n\n\t<div id=\"stack-551040821\" class=\"stack stack-row justify-end items-stretch\">\n\t\t\n\n\n\n<a href=\"https:\/\/wa.me\/31634162431\" class=\"button primary is-bevel bg-green bc-whatsapp-button\" style=\"border-radius:5px;\" target=\"_blank\" rel=\"noopener\"><i class=\"icon-whatsapp\" aria-hidden=\"true\"><\/i><span>WhatsApp<\/span><\/a>\n\n<a class=\"button secondary is-bevel is-small box-shadow-2 box-shadow-2-hover open-consult-modal\" style=\"border-radius:5px;\">\n\t<i class=\"icon-phone\" aria-hidden=\"true\"><\/i>\t<span>Geri arama talebi<\/span>\n\t<\/a>\n\n\n\n\t\t\n<style>\n#stack-551040821 > * {\n  --stack-gap: 0.75rem;\n}\n<\/style>\n\t<\/div>\n\t\n\n\t\t<\/div>\n\t\t\t\t\t<\/div>\n\n\t\n\n<\/div>\n\n\t\t<\/div>\n\t\t\t\t\n<style>\n#col-7223603 > .col-inner {\n  padding: 0px 0px 0px 0px;\n  margin: 0px 0px -15px 0px;\n}\n@media (min-width:550px) {\n  #col-7223603 > .col-inner {\n    margin: 7px 0px -7px 0px;\n  }\n}\n<\/style>\n\t<\/div>\n\n\t\n\n\n<style>\n#row-413104285 > .col > .col-inner {\n  padding: 18px 30px 0px 30px;\n  background-color: rgb(255,255,255);\n}\n@media (min-width:550px) {\n  #row-413104285 > .col > .col-inner {\n    padding: 30px 30px 7px 30px;\n  }\n}\n<\/style>\n<\/div>\n\n\t\t<\/div>\n\n\t\t\n<style>\n#section_1303097984 {\n  padding-top: 0px;\n  padding-bottom: 0px;\n}\n<\/style>\n\t<\/section>\n\t\n\n\n\n<h2 class=\"wp-block-heading\"><strong>Yabanc\u0131 \u00c7al\u0131\u015fan Program\u0131 Hakk\u0131nda S\u0131k Sorulan Sorular<\/strong><\/h2>\n\n\n<div id=\"rank-math-faq\" class=\"rank-math-block\">\n<div class=\"rank-math-list \">\n<div id=\"faq-question-1777007114339\" class=\"rank-math-list-item\">\n<h3 class=\"rank-math-question \"><strong>Yabanc\u0131 \u00c7al\u0131\u015fan Program\u0131 ile %30 Program\u0131 aras\u0131ndaki fark nedir?<\/strong><\/h3>\n<div class=\"rank-math-answer \">\n\n<p>Expat program\u0131 ile %30 program\u0131 aras\u0131nda bir fark yoktur. Bunlar, 2026 y\u0131l\u0131nda ayn\u0131 program\u0131n iki farkl\u0131 ad\u0131d\u0131r. Bu oran\u0131n 2027 y\u0131l\u0131nda %27&#8217;ye d\u00fc\u015fece\u011fini l\u00fctfen unutmay\u0131n. O tarihten itibaren, \u201cexpat program\u0131\u201d terimi daha s\u0131k kullan\u0131lacakt\u0131r.<\/p>\n\n<\/div>\n<\/div>\n<div id=\"faq-question-1777007120793\" class=\"rank-math-list-item\">\n<h3 class=\"rank-math-question \"><strong>Expat program\u0131 ne kadar s\u00fcreyle ge\u00e7erlidir?<\/strong><\/h3>\n<div class=\"rank-math-answer \">\n\n<p>Expat program\u0131, \u00e7al\u0131\u015fan ba\u015f\u0131na en fazla 5 y\u0131l s\u00fcreyle ge\u00e7erlidir. \u00c7al\u0131\u015fan\u0131n bu d\u00f6nemden \u00f6nce Hollanda&#8217;da ikamet veya \u00e7al\u0131\u015fma izni varsa, maksimum s\u00fcre daha k\u0131sa olabilir.<\/p>\n\n<\/div>\n<\/div>\n<div id=\"faq-question-1777007130642\" class=\"rank-math-list-item\">\n<h3 class=\"rank-math-question \"><strong>Serbest meslek sahibi bir ki\u015fi expat program\u0131na ba\u015fvurabilir mi?<\/strong><\/h3>\n<div class=\"rank-math-answer \">\n\n<p>Serbest meslek sahibi bir ki\u015fi, expat program\u0131na do\u011frudan ba\u015fvuramaz. Ancak, yabanc\u0131 giri\u015fimcinin kendi Hollanda BV&#8217;sinde y\u00f6netici ve ana hissedar (DGA) olarak \u00e7al\u0131\u015fmas\u0131 durumunda bu m\u00fcmk\u00fcnd\u00fcr.<\/p>\n\n<\/div>\n<\/div>\n<div id=\"faq-question-1777007137376\" class=\"rank-math-list-item\">\n<h3 class=\"rank-math-question \"><strong>Maa\u015f\u0131m e\u015fik de\u011ferin alt\u0131na d\u00fc\u015ferse ne olur?<\/strong><\/h3>\n<div class=\"rank-math-answer \">\n\n<p>Maa\u015f\u0131n\u0131z expat program\u0131 e\u015fik de\u011ferinin alt\u0131na d\u00fc\u015ferse, program o y\u0131l\u0131n 1 Ocak tarihinden itibaren geriye d\u00f6n\u00fck olarak sonland\u0131r\u0131l\u0131r. Ard\u0131ndan program kal\u0131c\u0131 olarak sona erer.<\/p>\n\n<\/div>\n<\/div>\n<div id=\"faq-question-1777007143559\" class=\"rank-math-list-item\">\n<h3 class=\"rank-math-question \"><strong>Expat program\u0131n\u0131 y\u00fcksek vas\u0131fl\u0131 g\u00f6\u00e7men program\u0131 ile birle\u015ftirebilir miyim?<\/strong><\/h3>\n<div class=\"rank-math-answer \">\n\n<p>Evet, expat program\u0131 y\u00fcksek vas\u0131fl\u0131 g\u00f6\u00e7men program\u0131 ile birle\u015ftirilebilir. Bir\u00e7ok y\u00fcksek vas\u0131fl\u0131 g\u00f6\u00e7men her iki programa da hak kazan\u0131r. G\u00f6\u00e7menlik izni ve vergi programlar\u0131 ayr\u0131 s\u00fcre\u00e7lerdir.<\/p>\n\n<\/div>\n<\/div>\n<div id=\"faq-question-1777007154376\" class=\"rank-math-list-item\">\n<h3 class=\"rank-math-question \"><strong>2027&#8217;de ne de\u011fi\u015fecek?<\/strong><\/h3>\n<div class=\"rank-math-answer \">\n\n<p>2027&#8217;de, program\u0131 2024 veya daha sonra ba\u015flayan \u00e7al\u0131\u015fanlar i\u00e7in expat program\u0131 kapsam\u0131ndaki y\u00fczde 30&#8217;dan 27&#8217;ye d\u00fc\u015fecektir. Ayn\u0131 zamanda, maa\u015f e\u015fi\u011fi de artacakt\u0131r.<\/p>\n\n<\/div>\n<\/div>\n<\/div>\n<\/div>","protected":false},"excerpt":{"rendered":"<p>Yabanc\u0131 \u00e7al\u0131\u015fanlar i\u00e7in vergi program\u0131 nedir? Hollanda&#8217;daki %30 vergi program\u0131n\u0131n uygunluk ko\u015fullar\u0131n\u0131, maa\u015f e\u015fiklerini, avantajlar\u0131n\u0131 ve ba\u015fvuru s\u00fcrecini ke\u015ffedin.<\/p>\n","protected":false},"author":1,"featured_media":31191,"comment_status":"closed","ping_status":"open","sticky":false,"template":"","format":"standard","meta":{"footnotes":""},"categories":[69],"tags":[],"class_list":["post-30951","post","type-post","status-publish","format-standard","has-post-thumbnail","hentry","category-muhasebe-hizmeti"],"_links":{"self":[{"href":"https:\/\/beyondconsultancy.com\/tr\/wp-json\/wp\/v2\/posts\/30951","targetHints":{"allow":["GET"]}}],"collection":[{"href":"https:\/\/beyondconsultancy.com\/tr\/wp-json\/wp\/v2\/posts"}],"about":[{"href":"https:\/\/beyondconsultancy.com\/tr\/wp-json\/wp\/v2\/types\/post"}],"author":[{"embeddable":true,"href":"https:\/\/beyondconsultancy.com\/tr\/wp-json\/wp\/v2\/users\/1"}],"replies":[{"embeddable":true,"href":"https:\/\/beyondconsultancy.com\/tr\/wp-json\/wp\/v2\/comments?post=30951"}],"version-history":[{"count":6,"href":"https:\/\/beyondconsultancy.com\/tr\/wp-json\/wp\/v2\/posts\/30951\/revisions"}],"predecessor-version":[{"id":31220,"href":"https:\/\/beyondconsultancy.com\/tr\/wp-json\/wp\/v2\/posts\/30951\/revisions\/31220"}],"wp:featuredmedia":[{"embeddable":true,"href":"https:\/\/beyondconsultancy.com\/tr\/wp-json\/wp\/v2\/media\/31191"}],"wp:attachment":[{"href":"https:\/\/beyondconsultancy.com\/tr\/wp-json\/wp\/v2\/media?parent=30951"}],"wp:term":[{"taxonomy":"category","embeddable":true,"href":"https:\/\/beyondconsultancy.com\/tr\/wp-json\/wp\/v2\/categories?post=30951"},{"taxonomy":"post_tag","embeddable":true,"href":"https:\/\/beyondconsultancy.com\/tr\/wp-json\/wp\/v2\/tags?post=30951"}],"curies":[{"name":"wp","href":"https:\/\/api.w.org\/{rel}","templated":true}]}}