{"id":28759,"date":"2026-03-03T06:03:05","date_gmt":"2026-03-03T06:03:05","guid":{"rendered":"https:\/\/beyondconsultancy.com\/?p=28759"},"modified":"2026-03-30T04:31:10","modified_gmt":"2026-03-30T04:31:10","slug":"hollanda-ticaret-odasi-yabanci-yonetici-kaydi","status":"publish","type":"post","link":"https:\/\/beyondconsultancy.com\/tr\/knowledge-center\/hollanda-ticaret-odasi-yabanci-yonetici-kaydi\/","title":{"rendered":"Hollanda Ticaret Odas\u0131\u2019na Yabanc\u0131 Y\u00f6netici Kayd\u0131 (2026)"},"content":{"rendered":"\n<p>G\u00fcn\u00fcm\u00fczde, yabanc\u0131 bir y\u00f6netici ekleyen \u00f6zel limited \u015firketler, Hollanda \u015firketi arac\u0131l\u0131\u011f\u0131yla aktif olarak i\u015f yapan yabanc\u0131 giri\u015fimciler veya uluslararas\u0131 yeteneklerle b\u00fcy\u00fcyen giri\u015fimler gibi uluslararas\u0131 y\u00f6neticilerle \u00e7al\u0131\u015fan pek \u00e7ok Hollanda \u015firketi bulunmaktad\u0131r. Uluslararas\u0131 yeteneklere bu t\u00fcr f\u0131rsatlar sunulmas\u0131 harika bir \u015fey. Peki, yabanc\u0131 bir y\u00f6neticiyi Hollanda Ticaret Odas\u0131&#8217;na nas\u0131l kaydettirebilirsiniz?<\/p>\n\n\n\n<p>Yabanc\u0131 bir y\u00f6neticiyi Ticaret Odas\u0131na kaydetmek, \u00f6ylece yapabilece\u011finiz bir \u015fey de\u011fildir. Y\u00f6neticilerle ilgili bilgiler, Ticaret Sicilinde yasal olarak zorunlu olan bir bilgidir ve bu nedenle sorumluluk, uyum, bankac\u0131l\u0131k konular\u0131 ve baz\u0131 durumlarda vergiler \u00fczerinde do\u011frudan etkileri vard\u0131r. Uygulamada bu durum kafa kar\u0131\u015f\u0131kl\u0131\u011f\u0131na neden olur, \u00e7\u00fcnk\u00fc kay\u0131t ne zaman zorunludur, hangi belgeler gereklidir ve yabanc\u0131 bir y\u00f6netici Hollanda sosyal g\u00fcvenlik numaras\u0131na ihtiya\u00e7 duyar m\u0131?<\/p>\n\n\n\n<p>Bu k\u0131lavuzda, yabanc\u0131 bir y\u00f6neticiyi Ticaret Odas\u0131na nas\u0131l kaydettirebilece\u011finizi, 2026 y\u0131l\u0131nda hangi kurallar\u0131n ge\u00e7erli olaca\u011f\u0131n\u0131 ve \u015firketlerin s\u0131kl\u0131kla hangi hatalar\u0131 yapt\u0131\u011f\u0131n\u0131 okuyabilirsiniz. Ayr\u0131ca, yabanc\u0131 bir y\u00f6neticinin kayd\u0131n\u0131n sorunsuz bir \u015fekilde ger\u00e7ekle\u015fmesi i\u00e7in bunu nas\u0131l \u00f6nleyebilece\u011finizi de anlat\u0131yoruz.<\/p>\n\n\n\n<h2 class=\"wp-block-heading\"><strong>Yabanc\u0131 bir y\u00f6netici ne zaman Hollanda Ticaret Odas\u0131na kaydolmal\u0131d\u0131r?<\/strong><\/h2>\n\n\n\n<p>Yabanc\u0131 bir y\u00f6netici, Hollanda&#8217;da yasal bir kurulu\u015fun y\u00f6netim kuruluna resmi olarak kat\u0131l\u0131r kat\u0131lmaz, Ticaret Odas\u0131na (KvK) kay\u0131t yapt\u0131rmak zorundad\u0131r. Y\u00f6neticinin uyru\u011fu veya ikamet yeri bu konuda belirleyici de\u011fildir. A\u015fa\u011f\u0131daki durumlarda kay\u0131t zorunludur:<\/p>\n\n\n\n<ul class=\"wp-block-list\">\n<li>Y\u00f6netici, \u015firket ana s\u00f6zle\u015fmesinde resmi olarak atanm\u0131\u015ft\u0131r<\/li>\n\n\n\n<li>Y\u00f6netim kurulunda bir de\u011fi\u015fiklik olmu\u015ftur<\/li>\n\n\n\n<li>Y\u00f6netici, ba\u011f\u0131ms\u0131z veya ortak yetkiye sahiptir<\/li>\n\n\n\n<li>Y\u00f6netici, yetkili imza sahibi olarak kay\u0131tl\u0131d\u0131r<\/li>\n\n\n\n<li><a href=\"https:\/\/beyondconsultancy.com\/tr\/hizmetler\/\">Hollanda&#8217;ya i\u015f g\u00f6\u00e7\u00fc<\/a> s\u00f6z konusu ise<\/li>\n<\/ul>\n\n\n\n<p>Bu durumlar, di\u011ferlerinin yan\u0131 s\u0131ra, \u00f6zel limited \u015firketler (BV&#8217;ler) ve halka a\u00e7\u0131k limited \u015firketler (NV&#8217;ler), vak\u0131flar ve dernekler ile yabanc\u0131 hissedarlar\u0131 olan Hollanda \u015firketleri i\u00e7in ge\u00e7erlidir. Atama yasal olarak kesinle\u015fti\u011fi anda, yabanc\u0131 y\u00f6neticinin Ticaret Odas\u0131 kayd\u0131 de\u011fi\u015ftirilmelidir. Bu i\u015flemin ertelenmesi veya ihmal edilmesi, yanl\u0131\u015f kamu verilerine yol a\u00e7abilir ve yasal sonu\u00e7lar do\u011furabilir.<\/p>\n\n\n\n<p><\/p>\n\n\n\n<figure class=\"wp-block-image aligncenter size-full\"><img loading=\"lazy\" decoding=\"async\" width=\"640\" height=\"427\" src=\"https:\/\/beyondconsultancy.com\/wp-content\/uploads\/2026\/03\/When-must-a-foreign-director-register-with-the-Dutch-Chamber-of-Commerce-2.jpg\" alt=\"Yabanc\u0131 Bir Y\u00f6netici Ne Zaman Hollanda Ticaret Odas\u0131'na Kay\u0131t Olmak Zorundad\u0131r?\n\" class=\"wp-image-29514\" srcset=\"https:\/\/beyondconsultancy.com\/wp-content\/uploads\/2026\/03\/When-must-a-foreign-director-register-with-the-Dutch-Chamber-of-Commerce-2.jpg 640w, https:\/\/beyondconsultancy.com\/wp-content\/uploads\/2026\/03\/When-must-a-foreign-director-register-with-the-Dutch-Chamber-of-Commerce-2-300x200.jpg 300w\" sizes=\"auto, (max-width: 640px) 100vw, 640px\" \/><\/figure>\n\n\n\n<div style=\"height:25px\" aria-hidden=\"true\" class=\"wp-block-spacer\"><\/div>\n\n\n\n<h2 class=\"wp-block-heading\"><strong>Yabanc\u0131 bir y\u00f6neticinin Hollanda Ticaret Odas\u0131na kaydolmas\u0131 i\u00e7in gereklilikler<\/strong><\/h2>\n\n\n\n<p>Yabanc\u0131 bir y\u00f6neticinin kaydolmas\u0131 i\u00e7in gereklilikler, Hollandal\u0131 y\u00f6neticiler i\u00e7in olanlara benzerdir, ancak yabanc\u0131 belgelere ve kimliklere ve bunlar\u0131n ge\u00e7erlili\u011fine daha fazla dikkat edilir. \u00d6rne\u011fin, y\u00f6netici yasal olarak atanm\u0131\u015f olmal\u0131d\u0131r ve ataman\u0131n \u015firket ana s\u00f6zle\u015fmesinde kay\u0131t alt\u0131na al\u0131nmas\u0131 zorunludur. Y\u00f6neticinin kimli\u011fi de do\u011frulanabilir. Ayr\u0131ca, yetkiler a\u00e7\u0131k\u00e7a tan\u0131mlanmal\u0131d\u0131r.<\/p>\n\n\n\n<p>Ticaret Odas\u0131 yabanc\u0131 t\u00fczel ki\u015filik y\u00f6neticisi i\u00e7in, belgelerin kayna\u011f\u0131, yetki yap\u0131s\u0131 ve dil ve yasalla\u015ft\u0131rma gereklilikleri daha ele\u015ftirel bir \u015fekilde incelenir. Kay\u0131t s\u00fcrecinde gecikmeleri \u00f6nlemek i\u00e7in dosyay\u0131 g\u00f6ndermeden \u00f6nce do\u011fru bir \u015fekilde haz\u0131rlamak \u00e7ok \u00f6nemlidir.<\/p>\n\n\n\n<h2 class=\"wp-block-heading\"><strong>Hollanda Ticaret Odas\u0131&#8217;na m\u00fcd\u00fcr kayd\u0131 i\u00e7in gerekli belgeler<\/strong><\/h2>\n\n\n\n<p>Ticaret Odas\u0131&#8217;n\u0131n yabanc\u0131 bir m\u00fcd\u00fcr\u00fcn kayd\u0131 i\u00e7in hangi belgeleri istedi\u011fi s\u0131k\u00e7a sorulan bir sorudur. Bu, duruma g\u00f6re de\u011fi\u015febilir, ancak a\u015fa\u011f\u0131daki standart ve ek belgeleri i\u00e7eren kontrol listesi \u00e7o\u011fu durumda ge\u00e7erlidir.<\/p>\n\n\n\n<p>Ticaret Odas\u0131na y\u00f6netici kayd\u0131 i\u00e7in gerekli standart belgeler:<\/p>\n\n\n\n<ul class=\"wp-block-list\">\n<li>Y\u00f6neticinin ge\u00e7erli pasaportu veya kimlik kart\u0131<\/li>\n\n\n\n<li>Son banka veya kamu hizmeti faturas\u0131 gibi ikamet adresini kan\u0131tlayan belge<\/li>\n\n\n\n<li>Y\u00f6netim kurulu karar\u0131 veya hissedarlar\u0131n atama karar\u0131<\/li>\n\n\n\n<li>\u015eirketin ana s\u00f6zle\u015fmesi<\/li>\n<\/ul>\n\n\n\n<p>D\u00fczenli olarak gerekli olan ek belgeler:<\/p>\n\n\n\n<ul class=\"wp-block-list\">\n<li>Hollanda \u015firketinin Ticaret Sicilinden al\u0131nm\u0131\u015f bir belge<\/li>\n\n\n\n<li>Kayd\u0131 ba\u015fka biri yap\u0131yorsa, vekaletname<\/li>\n\n\n\n<li>\u015eirket ana s\u00f6zle\u015fmesinde de\u011fi\u015fiklik yap\u0131lmas\u0131 durumunda noter tasdikli belge<\/li>\n\n\n\n<li>Yabanc\u0131 belgelerin bazen tasdik edilmesi veya apostil ile donat\u0131lmas\u0131 ve baz\u0131 durumlarda Hollandaca veya \u0130ngilizceye \u00e7evrilmesi gerekebilir.<\/li>\n<\/ul>\n\n\n\n<p>Eksik belgelerin sunulmas\u0131, yabanc\u0131 bir y\u00f6neticinin Ticaret Odas\u0131na kayd\u0131n\u0131n gecikmesinin en yayg\u0131n nedenlerinden biridir. Bu nedenle bir\u00e7ok \u015firket, kay\u0131t s\u00fcrecinin ba\u015f\u0131ndan itibaren sorunsuz bir \u015fekilde ilerlemesinden emin olmak i\u00e7in bir g\u00f6\u00e7menlik uzman\u0131 ile \u00e7al\u0131\u015fmay\u0131 tercih eder.<\/p>\n\n\n\n<h2 class=\"wp-block-heading\"><strong>Yabanc\u0131 bir y\u00f6neticiyi Ticaret Odas\u0131na nas\u0131l kaydettirebilirsiniz? (KvK)<\/strong><\/h2>\n\n\n\n<p>Hollanda&#8217;da yabanc\u0131 bir y\u00f6neticiyi kaydetmenin iki yolu vard\u0131r: Ticaret Odas\u0131na y\u00f6netici de\u011fi\u015fikli\u011fi bildirimi sunmak veya ilk kay\u0131t ba\u015fvurusu yapmak. \u00c7o\u011fu durumda, bu, Ticaret Odas\u0131na de\u011fi\u015fiklik bildirimi sunarak mevcut bir \u015firkete y\u00f6netici eklemeyi i\u00e7erir.<\/p>\n\n\n\n<p>De\u011fi\u015fikli\u011fin zaman\u0131nda bildirilmesi ve bilgilerin \u015firket ana s\u00f6zle\u015fmesi ile uyumlu olmas\u0131 \u00f6nemlidir. Ticaret Odas\u0131 her zaman kimlik ve yetkiyi kontrol eder, bu nedenle bunlar \u015firket ana s\u00f6zle\u015fmesinde belirtilenlerle uyumlu olmal\u0131d\u0131r.<\/p>\n\n\n\n<h2 class=\"wp-block-heading\"><strong>Ticaret Odas\u0131 s\u00fcrecinin ad\u0131m ad\u0131m a\u00e7\u0131klamas\u0131<\/strong><\/h2>\n\n\n\n<p>Bu k\u0131lavuzda, yabanc\u0131 bir y\u00f6neticinin Hollanda Ticaret Odas\u0131na kaydolmas\u0131 s\u00fcrecini be\u015f ad\u0131mda a\u00e7\u0131k bir \u015fekilde a\u00e7\u0131klamaktan memnuniyet duyar\u0131z.<\/p>\n\n\n\n<p>Ad\u0131m 1: Yasal atama<\/p>\n\n\n\n<p>Y\u00f6netici, \u015firket ana s\u00f6zle\u015fmesi ve hissedar veya y\u00f6netim kurulu karar\u0131 uyar\u0131nca resmi olarak atanmal\u0131d\u0131r. Ge\u00e7erli bir atama yap\u0131lmam\u0131\u015fsa, Ticaret Odas\u0131na kay\u0131t yap\u0131lamaz.<\/p>\n\n\n\n<p>Ad\u0131m 2: Belgeleri toplay\u0131n<\/p>\n\n\n\n<p>Atama karar\u0131 ve yabanc\u0131 y\u00f6neticinin kimlik belgesi dahil olmak \u00fczere t\u00fcm belgeler eksiksiz ve g\u00fcncel olmal\u0131d\u0131r.<\/p>\n\n\n\n<p>Ad\u0131m 3: De\u011fi\u015fikli\u011fi Ticaret Odas\u0131na bildirin<\/p>\n\n\n\n<p><a href=\"https:\/\/www.kvk.nl\/wijzigen\/\" target=\"_blank\" rel=\"noopener\">De\u011fi\u015fiklik<\/a>, bir de\u011fi\u015fiklik formu ve gerekirse Ticaret Odas\u0131 ile randevu al\u0131narak bildirilir.<\/p>\n\n\n\n<p>Ad\u0131m 4: Kimlik kontrol\u00fc<\/p>\n\n\n\n<p>Ticaret Odas\u0131, yabanc\u0131 y\u00f6neticilerin kimli\u011fini do\u011frular. Fiziksel olarak haz\u0131r bulunmak gerekebilir. Bazen vekaletname yasal olarak ge\u00e7erli bir se\u00e7enektir.<\/p>\n\n\n\n<p>Ad\u0131m 5: \u0130\u015fleme ve onay<\/p>\n\n\n\n<p>Yabanc\u0131 y\u00f6neticinin Ticaret Odas\u0131na kayd\u0131 onayland\u0131ktan sonra, Ticaret Odas\u0131 Ticaret Sicilinde de\u011fi\u015fikli\u011fi i\u015fleme al\u0131r. O andan itibaren bilgiler kamuya a\u00e7\u0131k hale gelir.<\/p>\n\n\n\n<h2 class=\"wp-block-heading\"><strong>Yabanc\u0131 bir y\u00f6neticiye BSN gerekli midir?<\/strong><\/h2>\n\n\n\n<p>Ticaret Odas\u0131na kay\u0131t i\u015flemi s\u0131ras\u0131nda s\u0131k\u00e7a sorulan sorulardan biri \u015fudur: Yabanc\u0131 bir y\u00f6neticiye BSN gerekli midir? Uygulamada, bu her zaman ge\u00e7erli de\u011fildir. Y\u00f6netici maa\u015f alm\u0131yorsa, Hollanda&#8217;da herhangi bir i\u015f yapm\u0131yorsa ve sadece resmi bir y\u00f6neticiyse, BSN gerekli de\u011fildir.<\/p>\n\n\n\n<p>Ancak, Hollanda&#8217;dan maa\u015f \u00f6demeleri varsa, \u00fclkede <a href=\"https:\/\/www.belastingdienst.nl\/wps\/wcm\/connect\/bldcontentnl\/belastingdienst\/zakelijk\/internationaal\/internationaal\" target=\"_blank\" rel=\"noopener\">vergi y\u00fck\u00fcml\u00fcl\u00fc\u011f\u00fc<\/a> varsa veya y\u00f6netici taraf\u0131ndan fiziksel olarak Hollanda&#8217;da yap\u0131lan bir i\u015f varsa, BSN gerekli olabilir. Bu nedenle BSN, Ticaret Odas\u0131 kayd\u0131n\u0131n kendisi i\u00e7in bir gereklilik de\u011fildir, ancak daha sonra vergi veya maa\u015f\u0131n do\u011fru \u015fekilde y\u00f6netilmesi i\u00e7in gerekli olabilir.<\/p>\n\n\n\n<h2 class=\"wp-block-heading\"><strong>Yabanc\u0131 bir y\u00f6neticinin tescili i\u00e7in maliyetler<\/strong><\/h2>\n\n\n\n<p>Yabanc\u0131 bir y\u00f6neticinin Ticaret Odas\u0131na tescili i\u00e7in do\u011frudan ve dolayl\u0131 maliyetler s\u00f6z konusudur. Do\u011frudan maliyetler, Ticaret Odas\u0131 tescili i\u00e7in ortaya \u00e7\u0131kar, ancak bu genellikle \u00fccretsizdir veya s\u0131n\u0131rl\u0131 bir \u00fccret kar\u015f\u0131l\u0131\u011f\u0131nda yap\u0131l\u0131r. Ancak, tescil s\u0131ras\u0131nda yap\u0131lan hatalar veya eksik dosyalar ek masraflara yol a\u00e7abilir ve s\u00fcrecin zaman dilimini de etkileyebilir.<\/p>\n\n\n\n<p>Dolayl\u0131 maliyetler, \u00f6rne\u011fin, noter \u00fccretlerinin tahsil edildi\u011fi \u015firket ana s\u00f6zle\u015fmesinin de\u011fi\u015ftirilmesinden kaynaklan\u0131r. Belgelerin resmi olarak terc\u00fcme edilmesi veya tasdik edilmesi de gerekli olabilir. Yabanc\u0131 y\u00f6neticiler, Ticaret Odas\u0131na kay\u0131t ile ilgili hukuki veya idari dan\u0131\u015fmanl\u0131k hizmetlerinin dolayl\u0131 maliyetlerini de hesaba katmal\u0131d\u0131r. Ancak, bu alanda bir uzman\u0131 g\u00f6revlendirmek hatalar\u0131 \u00f6nledi\u011fi i\u00e7in, zaman tasarrufu a\u00e7\u0131s\u0131ndan bu maliyetler genellikle daha sonra kendini amorti eder.<\/p>\n\n\n\n<h2 class=\"wp-block-heading\"><strong>KvK&#8217;ya yabanc\u0131 bir y\u00f6netici kaydederken s\u0131k\u00e7a yap\u0131lan hatalar<\/strong><\/h2>\n\n\n\n<p>Uygulamada, Ticaret Odas\u0131na yabanc\u0131 y\u00f6neticileri kaydederken s\u0131k\u00e7a tekrarlanan birka\u00e7 hata g\u00f6r\u00fcr\u00fcz, \u00f6rne\u011fin:<\/p>\n\n\n\n<ul class=\"wp-block-list\">\n<li>Ge\u00e7erli bir atama olmadan y\u00f6netici kaydetmek<\/li>\n\n\n\n<li>Yanl\u0131\u015f yetkiler kaydetmek<\/li>\n\n\n\n<li>Eksik veya tasdik edilmemi\u015f belgeler sunmak<\/li>\n\n\n\n<li>BSN y\u00fck\u00fcml\u00fcl\u00fc\u011f\u00fc hakk\u0131nda yanl\u0131\u015f varsay\u0131mlarda bulunmak<\/li>\n\n\n\n<li>Y\u00f6netim kurulundaki bir de\u011fi\u015fikli\u011fi ge\u00e7 bildirmek<\/li>\n<\/ul>\n\n\n\n<p>Bu hatalar, uzman yard\u0131m\u0131 al\u0131narak veya belgeler ele\u015ftirel bir \u015fekilde incelenerek \u00f6nlenebilir. Yabanc\u0131 y\u00f6neticiler, \u00f6rne\u011fin, \u015firket ana s\u00f6zle\u015fmesini ve atama kararlar\u0131n\u0131 kontrol edebilir ve bir kontrol listesi ile \u00e7al\u0131\u015fabilir. Vergi ve maa\u015f konusunda \u00f6nceden d\u00fc\u015f\u00fcnmek ve karma\u015f\u0131k durumlar\u0131 \u00f6nceden de\u011ferlendirmek de tavsiye edilir. Bu, hatalar\u0131 s\u0131n\u0131rlayacak ve Ticaret Odas\u0131na kay\u0131t s\u00fcrecinin daha sorunsuz ilerlemesini sa\u011flayacakt\u0131r.<\/p>\n\n\n\n<h2 class=\"wp-block-heading\"><strong>Yabanc\u0131 y\u00f6neticiler i\u00e7in vergiler ve y\u00fck\u00fcml\u00fcl\u00fckler<\/strong><\/h2>\n\n\n\n<p>Yabanc\u0131 bir y\u00f6neticiyi Ticaret Odas\u0131na kaydetmek otomatik olarak vergi sonu\u00e7lar\u0131 do\u011furmaz, ancak do\u011furabilir. Bu, duruma ba\u011fl\u0131d\u0131r. \u00d6rne\u011fin, Hollanda&#8217;dan al\u0131nan \u00fccretler \u00fczerindeki bordro vergisi, i\u015f gelirleri \u00fczerindeki gelir vergisi veya sosyal g\u00fcvenlik ve anla\u015fmalar gibi durumlarda vergi sonu\u00e7lar\u0131 olabilir.<\/p>\n\n\n\n<p>Ticaret Odas\u0131 bu nedenle, Vergi ve G\u00fcmr\u00fck \u0130daresi ile verileri payla\u015f\u0131r. Bu da yanl\u0131\u015f kay\u0131tlar\u0131n h\u0131zl\u0131 bir \u015fekilde tespit edilmesini ve vergi dairelerine sorular\u0131n y\u00f6neltilmesini sa\u011flar. Bu nedenle, Ticaret Odas\u0131 kayd\u0131n\u0131n ne gibi vergi sonu\u00e7lar\u0131 olabilece\u011fini \u00f6nceden d\u00fc\u015f\u00fcnmek \u00e7ok \u00f6nemlidir.<\/p>\n\n\n\n<h2 class=\"wp-block-heading\"><strong>S\u00fcreci kendiniz d\u00fczenlemek mi, yoksa bir uzmanla \u00e7al\u0131\u015fmak m\u0131?<\/strong><\/h2>\n\n\n\n<p>\u015eirketler, Ticaret Odas\u0131na kay\u0131t s\u00fcrecini kendileri mi halletmeleri yoksa yard\u0131m m\u0131 almalar\u0131 konusunda genellikle teredd\u00fct ederler. S\u00fcreci kendiniz d\u00fczenlemenin avantaj\u0131, do\u011frudan maliyetlerin daha d\u00fc\u015f\u00fck olmas\u0131d\u0131r. Ayr\u0131ca, \u015firket s\u00fcre\u00e7 \u00fczerinde tam kontrol sahibi olur.<\/p>\n\n\n\n<p>Ancak, daha fazla dezavantaj\u0131 vard\u0131r, bu nedenle \u00e7o\u011fu \u015firket nihayetinde bir uzmanla \u00e7al\u0131\u015fmay\u0131 tercih eder. Kendiniz yapman\u0131z hata riskini art\u0131r\u0131r ve zaman al\u0131c\u0131 olabilir. Ayr\u0131ca, olas\u0131 vergi ve yasal sonu\u00e7lar konusunda belirsizli\u011fe yol a\u00e7abilir.<\/p>\n\n\n\n<p>Bir uzman, sadece Ticaret Odas\u0131 kayd\u0131 veya de\u011fi\u015fikli\u011finin \u00f6tesine bakar. Uzmanlar ayr\u0131ca yasal yap\u0131y\u0131, y\u00f6netim yetkilerini ve uluslararas\u0131 ba\u011flam\u0131 da analiz eder. Bu de\u011ferlendirme, birden fazla y\u00f6netici veya uluslararas\u0131 bir i\u015f yap\u0131s\u0131 oldu\u011funda \u00f6zellikle de\u011ferlidir.<\/p>\n\n\n\n<h2 class=\"wp-block-heading\"><strong>Beyond Consultancy, yabanc\u0131 y\u00f6neticilerin tescili konusunda nas\u0131l yard\u0131mc\u0131 olur?<\/strong><\/h2>\n\n\n\n<p>Beyond Consultancy, \u015firketlere Ticaret Odas\u0131na yabanc\u0131 y\u00f6neticilerin tescili konusunda, di\u011fer hususlar\u0131n yan\u0131 s\u0131ra, hem yasal hem de pratik y\u00f6nlere dikkat ederek destek olur. Deste\u011fimiz, \u00f6rne\u011fin \u015funlar\u0131 i\u00e7erir:<\/p>\n\n\n\n<ul class=\"wp-block-list\">\n<li>Atama yap\u0131s\u0131n\u0131n kapsaml\u0131 analizi<\/li>\n\n\n\n<li>Belgelerin kontrol\u00fc ve dosyan\u0131n haz\u0131rlanmas\u0131<\/li>\n\n\n\n<li>Ticaret Odas\u0131 prosed\u00fcrlerinde yard\u0131m<\/li>\n\n\n\n<li>Gerekirse noter ve Vergi ve G\u00fcmr\u00fck \u0130daresi ile koordinasyon<\/li>\n\n\n\n<li>Muhasebe ve idare<\/li>\n<\/ul>\n\n\n\n<p>Beyond Consultancy ile \u00e7al\u0131\u015fan giri\u015fimciler, s\u00fcre\u00e7te gecikmelerden ka\u00e7\u0131n\u0131r ve kayd\u0131n do\u011fru ve gelece\u011fe d\u00f6n\u00fck oldu\u011fundan emin olabilirler. Bu, daha sonra sorunlar\u0131n ortaya \u00e7\u0131kmas\u0131n\u0131 \u00f6nler ve Ticaret Odas\u0131na yabanc\u0131 bir y\u00f6netici kaydettirmeyi, uluslararas\u0131 hedefleri olan \u015firketler i\u00e7in sa\u011flam temellere dayanan bir ad\u0131m haline getirir. Beyond Solutions, giri\u015fimcilere <a href=\"https:\/\/beyondconsultancy.com\/tr\/hizmetler\/hollanda-sirket-kurmak\/\" data-type=\"link\" data-id=\"https:\/\/beyondconsultancy.com\/tr\/hizmetler\/hollanda-sirket-kurmak\/\">\u015firket kurma<\/a> konusunda da destek olur.<\/p>\n\n\n\n<p><\/p>\n\n\n\n\t<section class=\"section\" id=\"section_254304679\">\n\t\t<div class=\"section-bg fill\" >\n\t\t\t\t\t\t\t\t\t\n\t\t\t\n\n\t\t<\/div>\n\n\t\t\n\n\t\t<div class=\"section-content relative\">\n\t\t\t\n\n<div class=\"row align-middle align-center\"  id=\"row-1282573493\">\n\n\n\t<div id=\"col-1086768423\" class=\"col col-border-gray medium-10 small-12 large-12\"  >\n\t\t\t\t<div class=\"col-inner text-center\" style=\"background-color:rgb(249, 250, 251);\" >\n\t\t\t\n\t\t\t\n\n<div class=\"row align-middle\"  id=\"row-325004875\">\n\n\n\t<div id=\"col-217726121\" class=\"col medium-7 small-12 large-7\"  >\n\t\t\t\t<div class=\"col-inner\"  >\n\t\t\t\n\t\t\t\n\n\t<div id=\"text-2407266073\" class=\"text\">\n\t\t\n\n<h1>Profesyonel destek i\u00e7in bizimle ileti\u015fime ge\u00e7in<br \/>\n<\/h1>\n\t\t\n<style>\n#text-2407266073 {\n  font-size: 1rem;\n}\n@media (min-width:550px) {\n  #text-2407266073 {\n    font-size: 1rem;\n  }\n}\n<\/style>\n\t<\/div>\n\t\n\t\t<div class=\"show-for-small\">\n\t\t\t\t\n\n<a href=\"https:\/\/wa.me\/31634162431\" class=\"button primary is-bevel bg-green bc-whatsapp-button\" style=\"border-radius:5px;\" target=\"_blank\" rel=\"noopener\"><i class=\"icon-whatsapp\" aria-hidden=\"true\"><\/i><span>WhatsApp<\/span><\/a>\n\t\t<\/div>\n\t\n<a class=\"button secondary is-bevel is-smaller box-shadow-2 box-shadow-2-hover open-consult-modal show-for-medium\" style=\"border-radius:5px;\">\n\t<i class=\"icon-phone\" aria-hidden=\"true\"><\/i>\t<span>Geri arama talebi<\/span>\n\t<\/a>\n\n\n\n\t\t<\/div>\n\t\t\t\t\n<style>\n#col-217726121 > .col-inner {\n  padding: 0px 0px 0px 0px;\n  margin: 2px 0px 0px 0px;\n}\n<\/style>\n\t<\/div>\n\n\t\n\n\t<div id=\"col-113127814\" class=\"col hide-for-medium medium-5 small-12 large-5\"  >\n\t\t\t\t<div class=\"col-inner\"  >\n\t\t\t\n\t\t\t\n\n\t<div id=\"stack-3670758729\" class=\"stack stack-row justify-end items-stretch\">\n\t\t\n\n\n\n<a href=\"https:\/\/wa.me\/31634162431\" class=\"button primary is-bevel bg-green bc-whatsapp-button\" style=\"border-radius:5px;\" target=\"_blank\" rel=\"noopener\"><i class=\"icon-whatsapp\" aria-hidden=\"true\"><\/i><span>WhatsApp<\/span><\/a>\n\n<a class=\"button secondary is-bevel is-small box-shadow-2 box-shadow-2-hover open-consult-modal\" style=\"border-radius:5px;\">\n\t<i class=\"icon-phone\" aria-hidden=\"true\"><\/i>\t<span>Geri arama talebi<\/span>\n\t<\/a>\n\n\n\n\t\t\n<style>\n#stack-3670758729 > * {\n  --stack-gap: 0.75rem;\n}\n<\/style>\n\t<\/div>\n\t\n\n\t\t<\/div>\n\t\t\t\t\t<\/div>\n\n\t\n\n<\/div>\n\n\t\t<\/div>\n\t\t\t\t\n<style>\n#col-1086768423 > .col-inner {\n  padding: 0px 0px 0px 0px;\n  margin: 0px 0px -15px 0px;\n}\n@media (min-width:550px) {\n  #col-1086768423 > .col-inner {\n    margin: 7px 0px -7px 0px;\n  }\n}\n<\/style>\n\t<\/div>\n\n\t\n\n\n<style>\n#row-1282573493 > .col > .col-inner {\n  padding: 18px 30px 0px 30px;\n  background-color: rgb(255,255,255);\n}\n@media (min-width:550px) {\n  #row-1282573493 > .col > .col-inner {\n    padding: 30px 30px 7px 30px;\n  }\n}\n<\/style>\n<\/div>\n\n\t\t<\/div>\n\n\t\t\n<style>\n#section_254304679 {\n  padding-top: 0px;\n  padding-bottom: 0px;\n}\n<\/style>\n\t<\/section>\n\t\n\n\n\n<p><\/p>\n\n\n\n<h2 class=\"wp-block-heading\"><strong>Ticaret Odas\u0131ndaki yabanc\u0131 y\u00f6neticilerle ilgili s\u0131k sorulan sorular<\/strong><\/h2>\n\n\n<div id=\"rank-math-faq\" class=\"rank-math-block\">\n<div class=\"rank-math-list \">\n<div id=\"faq-question-1772348638291\" class=\"rank-math-list-item\">\n<h3 class=\"rank-math-question \"><strong>Yabanc\u0131 bir y\u00f6netici BSN veya DigiD&#8217;ye ihtiya\u00e7 duyar m\u0131?<\/strong><\/h3>\n<div class=\"rank-math-answer \">\n\n<p>Yabanc\u0131 bir y\u00f6neticinin Ticaret Odas\u0131na kay\u0131t i\u00e7in BSN veya DigiD&#8217;ye sahip olmas\u0131 genellikle gerekli de\u011fildir. Vergi ve bordro y\u00f6netimi gibi di\u011fer konularda, bu daha sonraki bir a\u015famada gerekli olabilir.<\/p>\n\n<\/div>\n<\/div>\n<div id=\"faq-question-1772348645214\" class=\"rank-math-list-item\">\n<h3 class=\"rank-math-question \"><strong>Yabanc\u0131 bir y\u00f6neticinin kayd\u0131 ne kadar s\u00fcrer?<\/strong><\/h3>\n<div class=\"rank-math-answer \">\n\n<p>Eksiksiz ve do\u011fru belgelerle, yabanc\u0131 bir y\u00f6neticinin kayd\u0131 genellikle birka\u00e7 i\u015f g\u00fcn\u00fc i\u00e7inde yap\u0131labilir.<\/p>\n\n<\/div>\n<\/div>\n<div id=\"faq-question-1772348656714\" class=\"rank-math-list-item\">\n<h3 class=\"rank-math-question \"><strong>Y\u00f6netici fiziksel olarak Hollanda&#8217;da bulunmak zorunda m\u0131d\u0131r?<\/strong><\/h3>\n<div class=\"rank-math-answer \">\n\n<p>Baz\u0131 durumlarda, \u00f6zellikle kimlik kontrol\u00fc i\u00e7in y\u00f6neticinin Hollanda&#8217;da fiziksel olarak bulunmas\u0131 gerekir. Duruma ba\u011fl\u0131 olarak, vekaletname kullan\u0131labilir.<\/p>\n\n<\/div>\n<\/div>\n<div id=\"faq-question-1772348668949\" class=\"rank-math-list-item\">\n<h3 class=\"rank-math-question \"><strong>Yabanc\u0131 bir y\u00f6netici oturma izni olmadan kaydedilebilir mi?<\/strong><\/h3>\n<div class=\"rank-math-answer \">\n\n<p>Evet, oturma izni olmayan yabanc\u0131 bir y\u00f6netici kaydedilebilir, \u00e7\u00fcnk\u00fc Ticaret Odas\u0131na kay\u0131t, oturma hakk\u0131ndan ayr\u0131d\u0131r. Ancak, Hollanda&#8217;da \u00e7al\u0131\u015fmak i\u00e7in ayr\u0131 kurallar ge\u00e7erlidir.<\/p>\n\n<\/div>\n<\/div>\n<div id=\"faq-question-1772348677199\" class=\"rank-math-list-item\">\n<h3 class=\"rank-math-question \"><strong>Birden fazla yabanc\u0131 y\u00f6netici kaydedilebilir mi?<\/strong><\/h3>\n<div class=\"rank-math-answer \">\n\n<p>Her bir atama yasal olarak do\u011fru oldu\u011fu s\u00fcrece, birden fazla yabanc\u0131 y\u00f6netici kayd\u0131 m\u00fcmk\u00fcnd\u00fcr.<\/p>\n\n<\/div>\n<\/div>\n<div id=\"faq-question-1772348685542\" class=\"rank-math-list-item\">\n<h3 class=\"rank-math-question \"><strong>Yabanc\u0131 bir y\u00f6netici hangi belgeleri sunmal\u0131d\u0131r?<\/strong><\/h3>\n<div class=\"rank-math-answer \">\n\n<p>Yabanc\u0131 bir y\u00f6netici en az\u0131ndan ge\u00e7erli bir kimlik belgesi ve atama karar\u0131n\u0131 sunmal\u0131d\u0131r. \u00c7o\u011fu durumda, ek belgeler de gereklidir.<\/p>\n\n<\/div>\n<\/div>\n<div id=\"faq-question-1772348696716\" class=\"rank-math-list-item\">\n<h3 class=\"rank-math-question \"><strong>Y\u00f6netim kurulunu de\u011fi\u015ftirmek i\u00e7in noter tasdikli belge gerekli midir?<\/strong><\/h3>\n<div class=\"rank-math-answer \">\n\n<p>Y\u00f6netim kurulunu de\u011fi\u015ftirmek i\u00e7in noter tasdikli belge, ancak \u015firket ana s\u00f6zle\u015fmesinde bu \u015fekilde belirtilmi\u015fse gereklidir. Bu nedenle, \u015firket ana s\u00f6zle\u015fmesine ba\u011fl\u0131d\u0131r.<\/p>\n\n<\/div>\n<\/div>\n<\/div>\n<\/div>","protected":false},"excerpt":{"rendered":"<p>2026\u2019da yabanc\u0131 bir y\u00f6neticinin Hollanda Ticaret Odas\u0131\u2019na kayd\u0131 nas\u0131l yap\u0131l\u0131r? Gerekli belgeler, maliyetler ve s\u0131k yap\u0131lan hatalar.<\/p>\n","protected":false},"author":1,"featured_media":29398,"comment_status":"closed","ping_status":"open","sticky":false,"template":"","format":"standard","meta":{"footnotes":""},"categories":[63],"tags":[],"class_list":["post-28759","post","type-post","status-publish","format-standard","has-post-thumbnail","hentry","category-gocmenlik-hizmetleri"],"_links":{"self":[{"href":"https:\/\/beyondconsultancy.com\/tr\/wp-json\/wp\/v2\/posts\/28759","targetHints":{"allow":["GET"]}}],"collection":[{"href":"https:\/\/beyondconsultancy.com\/tr\/wp-json\/wp\/v2\/posts"}],"about":[{"href":"https:\/\/beyondconsultancy.com\/tr\/wp-json\/wp\/v2\/types\/post"}],"author":[{"embeddable":true,"href":"https:\/\/beyondconsultancy.com\/tr\/wp-json\/wp\/v2\/users\/1"}],"replies":[{"embeddable":true,"href":"https:\/\/beyondconsultancy.com\/tr\/wp-json\/wp\/v2\/comments?post=28759"}],"version-history":[{"count":11,"href":"https:\/\/beyondconsultancy.com\/tr\/wp-json\/wp\/v2\/posts\/28759\/revisions"}],"predecessor-version":[{"id":30312,"href":"https:\/\/beyondconsultancy.com\/tr\/wp-json\/wp\/v2\/posts\/28759\/revisions\/30312"}],"wp:featuredmedia":[{"embeddable":true,"href":"https:\/\/beyondconsultancy.com\/tr\/wp-json\/wp\/v2\/media\/29398"}],"wp:attachment":[{"href":"https:\/\/beyondconsultancy.com\/tr\/wp-json\/wp\/v2\/media?parent=28759"}],"wp:term":[{"taxonomy":"category","embeddable":true,"href":"https:\/\/beyondconsultancy.com\/tr\/wp-json\/wp\/v2\/categories?post=28759"},{"taxonomy":"post_tag","embeddable":true,"href":"https:\/\/beyondconsultancy.com\/tr\/wp-json\/wp\/v2\/tags?post=28759"}],"curies":[{"name":"wp","href":"https:\/\/api.w.org\/{rel}","templated":true}]}}